{"id":140,"date":"2017-11-24T15:57:37","date_gmt":"2017-11-24T15:57:37","guid":{"rendered":"http:\/\/news.aikido-dojo-ortenau.de\/?p=140"},"modified":"2017-11-24T15:59:00","modified_gmt":"2017-11-24T15:59:00","slug":"aikido-weihnachtsfeier-am-do-21-12-2017-um-20-uhr","status":"publish","type":"post","link":"http:\/\/news.aikido-dojo-ortenau.de\/?p=140","title":{"rendered":"Aikido-Weihnachtsfeier am Do 21.12.2017 um 20 Uhr"},"content":{"rendered":"<header class=\"entry-header\">\n<h4 class=\"entry-title\">Liebe Aikidofreunde,<\/h4>\n<\/header>\n<div class=\"entry-content\">\n<div class=\"\">\u2026 und schon wieder ist das Jahr bald vorbei und Weihnachten steht vor der T\u00fcr. \u00a0Zeit f\u00fcr eine Aikido-Abschlu\u00dffeier unter lauter netten Leuten.<\/div>\n<div class=\"\">Das letzte Aikido-Training in diesem Jahr f\u00e4llt aus und wir treffen uns statt dessen im<\/div>\n<div class=\"\"><\/div>\n<div class=\"\"><strong>Restaurant \u201eDa Vinci\u201c in<\/strong><\/div>\n<div class=\"\"><strong>Lahr-Reichenbach, Josef-Faber-Str. 20<\/strong><\/div>\n<div class=\"\"><strong>am\u00a0Donnerstag, 21.12.2013 um 20 Uhr.<\/strong><\/div>\n<div class=\"\"><\/div>\n<div class=\"\">\n<div class=\"\">Bitte gebt mir Bescheid, ob ihr kommt oder nicht, damit ich die Pl\u00e4tze genau reservieren kann.<\/div>\n<div class=\"\">Bringt einen guten Appetit mit (es schmeckt sehr gut dort) und gute Laune. Ich freu mich auf euch. Auch auf die, die es schon l\u00e4nger nicht mehr ins Training geschafft haben \ud83d\ude09<\/div>\n<\/div>\n<div class=\"\"><\/div>\n<div class=\"\">In den Weihnachtsferien machen wir wie gewohnt eine sch\u00f6pferische Pause. \u00a0Das erste Training ist dann am Dienstag, 9.1.2018 um 20:00 Uhr und die darauf folgenden Trainingstage wie gewohnt.<\/div>\n<div class=\"\"><\/div>\n<div class=\"\">Liebe Gr\u00fc\u00dfe<\/div>\n<div class=\"\">Euer Udo<\/div>\n<\/div>\n","protected":false},"excerpt":{"rendered":"<p>Liebe Aikidofreunde, \u2026 und schon wieder ist das Jahr bald vorbei und Weihnachten steht vor der T\u00fcr. \u00a0Zeit f\u00fcr eine Aikido-Abschlu\u00dffeier unter lauter netten Leuten. Das letzte Aikido-Training in diesem Jahr f\u00e4llt aus und wir treffen uns statt dessen im Restaurant \u201eDa Vinci\u201c in Lahr-Reichenbach, Josef-Faber-Str. 20 am\u00a0Donnerstag, 21.12.2013 um 20 Uhr. Bitte gebt mir [&hellip;]<\/p>\n","protected":false},"author":2,"featured_media":0,"comment_status":"open","ping_status":"open","sticky":false,"template":"","format":"standard","meta":[],"categories":[1],"tags":[],"_links":{"self":[{"href":"http:\/\/news.aikido-dojo-ortenau.de\/index.php?rest_route=\/wp\/v2\/posts\/140"}],"collection":[{"href":"http:\/\/news.aikido-dojo-ortenau.de\/index.php?rest_route=\/wp\/v2\/posts"}],"about":[{"href":"http:\/\/news.aikido-dojo-ortenau.de\/index.php?rest_route=\/wp\/v2\/types\/post"}],"author":[{"embeddable":true,"href":"http:\/\/news.aikido-dojo-ortenau.de\/index.php?rest_route=\/wp\/v2\/users\/2"}],"replies":[{"embeddable":true,"href":"http:\/\/news.aikido-dojo-ortenau.de\/index.php?rest_route=%2Fwp%2Fv2%2Fcomments&post=140"}],"version-history":[{"count":2,"href":"http:\/\/news.aikido-dojo-ortenau.de\/index.php?rest_route=\/wp\/v2\/posts\/140\/revisions"}],"predecessor-version":[{"id":142,"href":"http:\/\/news.aikido-dojo-ortenau.de\/index.php?rest_route=\/wp\/v2\/posts\/140\/revisions\/142"}],"wp:attachment":[{"href":"http:\/\/news.aikido-dojo-ortenau.de\/index.php?rest_route=%2Fwp%2Fv2%2Fmedia&parent=140"}],"wp:term":[{"taxonomy":"category","embeddable":true,"href":"http:\/\/news.aikido-dojo-ortenau.de\/index.php?rest_route=%2Fwp%2Fv2%2Fcategories&post=140"},{"taxonomy":"post_tag","embeddable":true,"href":"http:\/\/news.aikido-dojo-ortenau.de\/index.php?rest_route=%2Fwp%2Fv2%2Ftags&post=140"}],"curies":[{"name":"wp","href":"https:\/\/api.w.org\/{rel}","templated":true}]}}