{"id":144,"date":"2017-12-18T21:44:34","date_gmt":"2017-12-18T21:44:34","guid":{"rendered":"http:\/\/news.aikido-dojo-ortenau.de\/?p=144"},"modified":"2017-12-18T21:53:13","modified_gmt":"2017-12-18T21:53:13","slug":"aikido-graduierungen-am-15-12-2017","status":"publish","type":"post","link":"http:\/\/news.aikido-dojo-ortenau.de\/?p=144","title":{"rendered":"Aikido Graduierungen am 15.12.2017"},"content":{"rendered":"<p>Am Freitag, den 15.12.2017 wurden in der Aikido-Abteilung Graduierungen vorgenommen. Da wir mittlerweile auf Pr\u00fcfungen verzichten und die Trainer \u00fcber das ganze Jahr die Kontinuit\u00e4t und Leistungssteigerung der Sch\u00fcler bewerten, d\u00fcrfen die Trainer Ren\u00e9 Willmann (ganz rechts) und Bernd Burzlaff (ganz links) folgende Aikidoka zur Graduierung begl\u00fcckw\u00fcnschen:<\/p>\n<p>Sabrina Doninger, 2. Kyu (blauer G\u00fcrtel)<\/p>\n<p>Lisa Fronm\u00fcller, 2. Kyu (blauer G\u00fcrtel)<\/p>\n<p>Maya Hammig, 5. Kyu (gelber G\u00fcrtel)<\/p>\n<p>Stefan Bilharz, 2. Kyu (ohne Foto) von der Erwachsenengruppe<\/p>\n<p><img decoding=\"async\" loading=\"lazy\" class=\"alignnone size-medium wp-image-145\" style=\"color: #72726e; font-style: normal;\" src=\"http:\/\/news.aikido-dojo-ortenau.de\/wp-content\/uploads\/IMG_7734-300x225.jpg\" alt=\"\" width=\"300\" height=\"225\" srcset=\"http:\/\/news.aikido-dojo-ortenau.de\/wp-content\/uploads\/IMG_7734-300x225.jpg 300w, http:\/\/news.aikido-dojo-ortenau.de\/wp-content\/uploads\/IMG_7734-768x576.jpg 768w, http:\/\/news.aikido-dojo-ortenau.de\/wp-content\/uploads\/IMG_7734-1024x768.jpg 1024w\" sizes=\"(max-width: 300px) 100vw, 300px\" \/><\/p>\n<p>Und hier nochmals die Graduierten zusammen mit der Jugendgruppe des Freitagstrainings<\/p>\n<p><img decoding=\"async\" loading=\"lazy\" class=\"alignnone size-medium wp-image-146\" src=\"http:\/\/news.aikido-dojo-ortenau.de\/wp-content\/uploads\/IMG_7738-300x225.jpg\" alt=\"\" width=\"300\" height=\"225\" srcset=\"http:\/\/news.aikido-dojo-ortenau.de\/wp-content\/uploads\/IMG_7738-300x225.jpg 300w, http:\/\/news.aikido-dojo-ortenau.de\/wp-content\/uploads\/IMG_7738-768x576.jpg 768w, http:\/\/news.aikido-dojo-ortenau.de\/wp-content\/uploads\/IMG_7738-1024x768.jpg 1024w\" sizes=\"(max-width: 300px) 100vw, 300px\" \/><\/p>\n<p>&nbsp;<\/p>\n","protected":false},"excerpt":{"rendered":"<p>Am Freitag, den 15.12.2017 wurden in der Aikido-Abteilung Graduierungen vorgenommen. Da wir mittlerweile auf Pr\u00fcfungen verzichten und die Trainer \u00fcber das ganze Jahr die Kontinuit\u00e4t und Leistungssteigerung der Sch\u00fcler bewerten, d\u00fcrfen die Trainer Ren\u00e9 Willmann (ganz rechts) und Bernd Burzlaff (ganz links) folgende Aikidoka zur Graduierung begl\u00fcckw\u00fcnschen: Sabrina Doninger, 2. Kyu (blauer G\u00fcrtel) Lisa Fronm\u00fcller, [&hellip;]<\/p>\n","protected":false},"author":2,"featured_media":0,"comment_status":"open","ping_status":"open","sticky":false,"template":"","format":"standard","meta":[],"categories":[1],"tags":[],"_links":{"self":[{"href":"http:\/\/news.aikido-dojo-ortenau.de\/index.php?rest_route=\/wp\/v2\/posts\/144"}],"collection":[{"href":"http:\/\/news.aikido-dojo-ortenau.de\/index.php?rest_route=\/wp\/v2\/posts"}],"about":[{"href":"http:\/\/news.aikido-dojo-ortenau.de\/index.php?rest_route=\/wp\/v2\/types\/post"}],"author":[{"embeddable":true,"href":"http:\/\/news.aikido-dojo-ortenau.de\/index.php?rest_route=\/wp\/v2\/users\/2"}],"replies":[{"embeddable":true,"href":"http:\/\/news.aikido-dojo-ortenau.de\/index.php?rest_route=%2Fwp%2Fv2%2Fcomments&post=144"}],"version-history":[{"count":6,"href":"http:\/\/news.aikido-dojo-ortenau.de\/index.php?rest_route=\/wp\/v2\/posts\/144\/revisions"}],"predecessor-version":[{"id":153,"href":"http:\/\/news.aikido-dojo-ortenau.de\/index.php?rest_route=\/wp\/v2\/posts\/144\/revisions\/153"}],"wp:attachment":[{"href":"http:\/\/news.aikido-dojo-ortenau.de\/index.php?rest_route=%2Fwp%2Fv2%2Fmedia&parent=144"}],"wp:term":[{"taxonomy":"category","embeddable":true,"href":"http:\/\/news.aikido-dojo-ortenau.de\/index.php?rest_route=%2Fwp%2Fv2%2Fcategories&post=144"},{"taxonomy":"post_tag","embeddable":true,"href":"http:\/\/news.aikido-dojo-ortenau.de\/index.php?rest_route=%2Fwp%2Fv2%2Ftags&post=144"}],"curies":[{"name":"wp","href":"https:\/\/api.w.org\/{rel}","templated":true}]}}