{"id":159,"date":"2018-02-27T18:29:47","date_gmt":"2018-02-27T18:29:47","guid":{"rendered":"http:\/\/news.aikido-dojo-ortenau.de\/?p=159"},"modified":"2018-02-27T18:29:47","modified_gmt":"2018-02-27T18:29:47","slug":"neue-dan-traeger-in-unserem-dojo","status":"publish","type":"post","link":"http:\/\/news.aikido-dojo-ortenau.de\/?p=159","title":{"rendered":"Neue Dan-Tr\u00e4ger in unserem Dojo"},"content":{"rendered":"<p><strong>Gratulation an M\u00e9lodie Willmann und Stephan Seidt zur Graduierung zum 1.Dan Tendoryu-Aikido.<\/strong><\/p>\n<p>Auf dem Aikido-Lehrgang am 25.\/26.02.2018 in Rodgau, der von Shimizu Sensei aus Tokio, Japan, geleitet wurde, hatten die beiden die Gelegenheit ihr K\u00f6nnen unter den Augen von Sensei, seinem Sohn Kenta Waka-Sensei und weiteren hochgraduierten Meistern zu pr\u00e4sentieren. Am Ende des Lehrgangs stand dann die erfolgreiche Graduierung zum 1. Dan f\u00fcr M\u00e9lodie und Stephan. M\u00e9lodie ist nun auch mit ihren 21 Jahren unsere j\u00fcngste Dan-Tr\u00e4gerin im Verein.<\/p>\n<p><img decoding=\"async\" loading=\"lazy\" class=\"alignnone  wp-image-158\" src=\"http:\/\/news.aikido-dojo-ortenau.de\/wp-content\/uploads\/SAM_0091-300x225.jpg\" alt=\"\" width=\"459\" height=\"344\" srcset=\"http:\/\/news.aikido-dojo-ortenau.de\/wp-content\/uploads\/SAM_0091-300x225.jpg 300w, http:\/\/news.aikido-dojo-ortenau.de\/wp-content\/uploads\/SAM_0091-768x576.jpg 768w, http:\/\/news.aikido-dojo-ortenau.de\/wp-content\/uploads\/SAM_0091.jpg 1024w\" sizes=\"(max-width: 459px) 100vw, 459px\" \/><\/p>\n<p>Melodie und Stephan neben Shimizu Sensei und Kenta Waka-Sensei<\/p>\n<p><img decoding=\"async\" loading=\"lazy\" class=\"alignnone  wp-image-157\" src=\"http:\/\/news.aikido-dojo-ortenau.de\/wp-content\/uploads\/SAM_0092-300x225.jpg\" alt=\"\" width=\"453\" height=\"340\" srcset=\"http:\/\/news.aikido-dojo-ortenau.de\/wp-content\/uploads\/SAM_0092-300x225.jpg 300w, http:\/\/news.aikido-dojo-ortenau.de\/wp-content\/uploads\/SAM_0092-768x576.jpg 768w, http:\/\/news.aikido-dojo-ortenau.de\/wp-content\/uploads\/SAM_0092.jpg 1024w\" sizes=\"(max-width: 453px) 100vw, 453px\" \/><\/p>\n<p>und vor der Aikido Tendoryu Kalligrafie von Meister Shimizu<\/p>\n","protected":false},"excerpt":{"rendered":"<p>Gratulation an M\u00e9lodie Willmann und Stephan Seidt zur Graduierung zum 1.Dan Tendoryu-Aikido. Auf dem Aikido-Lehrgang am 25.\/26.02.2018 in Rodgau, der von Shimizu Sensei aus Tokio, Japan, geleitet wurde, hatten die beiden die Gelegenheit ihr K\u00f6nnen unter den Augen von Sensei, seinem Sohn Kenta Waka-Sensei und weiteren hochgraduierten Meistern zu pr\u00e4sentieren. Am Ende des Lehrgangs stand [&hellip;]<\/p>\n","protected":false},"author":2,"featured_media":0,"comment_status":"open","ping_status":"open","sticky":false,"template":"","format":"standard","meta":[],"categories":[1],"tags":[],"_links":{"self":[{"href":"http:\/\/news.aikido-dojo-ortenau.de\/index.php?rest_route=\/wp\/v2\/posts\/159"}],"collection":[{"href":"http:\/\/news.aikido-dojo-ortenau.de\/index.php?rest_route=\/wp\/v2\/posts"}],"about":[{"href":"http:\/\/news.aikido-dojo-ortenau.de\/index.php?rest_route=\/wp\/v2\/types\/post"}],"author":[{"embeddable":true,"href":"http:\/\/news.aikido-dojo-ortenau.de\/index.php?rest_route=\/wp\/v2\/users\/2"}],"replies":[{"embeddable":true,"href":"http:\/\/news.aikido-dojo-ortenau.de\/index.php?rest_route=%2Fwp%2Fv2%2Fcomments&post=159"}],"version-history":[{"count":1,"href":"http:\/\/news.aikido-dojo-ortenau.de\/index.php?rest_route=\/wp\/v2\/posts\/159\/revisions"}],"predecessor-version":[{"id":160,"href":"http:\/\/news.aikido-dojo-ortenau.de\/index.php?rest_route=\/wp\/v2\/posts\/159\/revisions\/160"}],"wp:attachment":[{"href":"http:\/\/news.aikido-dojo-ortenau.de\/index.php?rest_route=%2Fwp%2Fv2%2Fmedia&parent=159"}],"wp:term":[{"taxonomy":"category","embeddable":true,"href":"http:\/\/news.aikido-dojo-ortenau.de\/index.php?rest_route=%2Fwp%2Fv2%2Fcategories&post=159"},{"taxonomy":"post_tag","embeddable":true,"href":"http:\/\/news.aikido-dojo-ortenau.de\/index.php?rest_route=%2Fwp%2Fv2%2Ftags&post=159"}],"curies":[{"name":"wp","href":"https:\/\/api.w.org\/{rel}","templated":true}]}}