{"id":329,"date":"2020-02-18T17:15:54","date_gmt":"2020-02-18T17:15:54","guid":{"rendered":"http:\/\/news.aikido-dojo-ortenau.de\/?p=329"},"modified":"2020-02-18T17:15:54","modified_gmt":"2020-02-18T17:15:54","slug":"jugendtraining-am-freitag-21-28-2","status":"publish","type":"post","link":"http:\/\/news.aikido-dojo-ortenau.de\/?p=329","title":{"rendered":"Jugendtraining am Freitag 21.\/28.2."},"content":{"rendered":"\n<p>W\u00e4hrend den Schulferien findet f\u00fcr unsere Jugend am Freitag 21.2. und 28.2.2020 kein Aikido statt. Am 6. M\u00e4rz geht es dann wieder regul\u00e4r los.<\/p>\n","protected":false},"excerpt":{"rendered":"<p>W\u00e4hrend den Schulferien findet f\u00fcr unsere Jugend am Freitag 21.2. und 28.2.2020 kein Aikido statt. Am 6. M\u00e4rz geht es dann wieder regul\u00e4r los.<\/p>\n","protected":false},"author":2,"featured_media":0,"comment_status":"open","ping_status":"open","sticky":false,"template":"","format":"standard","meta":[],"categories":[1],"tags":[],"_links":{"self":[{"href":"http:\/\/news.aikido-dojo-ortenau.de\/index.php?rest_route=\/wp\/v2\/posts\/329"}],"collection":[{"href":"http:\/\/news.aikido-dojo-ortenau.de\/index.php?rest_route=\/wp\/v2\/posts"}],"about":[{"href":"http:\/\/news.aikido-dojo-ortenau.de\/index.php?rest_route=\/wp\/v2\/types\/post"}],"author":[{"embeddable":true,"href":"http:\/\/news.aikido-dojo-ortenau.de\/index.php?rest_route=\/wp\/v2\/users\/2"}],"replies":[{"embeddable":true,"href":"http:\/\/news.aikido-dojo-ortenau.de\/index.php?rest_route=%2Fwp%2Fv2%2Fcomments&post=329"}],"version-history":[{"count":1,"href":"http:\/\/news.aikido-dojo-ortenau.de\/index.php?rest_route=\/wp\/v2\/posts\/329\/revisions"}],"predecessor-version":[{"id":330,"href":"http:\/\/news.aikido-dojo-ortenau.de\/index.php?rest_route=\/wp\/v2\/posts\/329\/revisions\/330"}],"wp:attachment":[{"href":"http:\/\/news.aikido-dojo-ortenau.de\/index.php?rest_route=%2Fwp%2Fv2%2Fmedia&parent=329"}],"wp:term":[{"taxonomy":"category","embeddable":true,"href":"http:\/\/news.aikido-dojo-ortenau.de\/index.php?rest_route=%2Fwp%2Fv2%2Fcategories&post=329"},{"taxonomy":"post_tag","embeddable":true,"href":"http:\/\/news.aikido-dojo-ortenau.de\/index.php?rest_route=%2Fwp%2Fv2%2Ftags&post=329"}],"curies":[{"name":"wp","href":"https:\/\/api.w.org\/{rel}","templated":true}]}}