{"id":336,"date":"2020-03-14T09:27:19","date_gmt":"2020-03-14T09:27:19","guid":{"rendered":"http:\/\/news.aikido-dojo-ortenau.de\/?p=336"},"modified":"2020-03-19T08:42:50","modified_gmt":"2020-03-19T08:42:50","slug":"kein-training-bis-3-april-2020","status":"publish","type":"post","link":"http:\/\/news.aikido-dojo-ortenau.de\/?p=336","title":{"rendered":"Kein Training bis voraussichtlich 17. April 2020"},"content":{"rendered":"\n<p>Liebe Aikidofreunde, <\/p>\n\n\n\n<p>aufgrund der gegenw\u00e4rtigen Entwicklung hinsichtlich Corona Virus werden wir bis zum Freitag, 17. April 2020, unseren Trainingsbetrieb einstellen. Die Friesenheimer Schulen sind vorerst bis zum 19. April geschlossen. Das Land Baden-W\u00fcrttemberg r\u00e4t allen B\u00fcrgerinnen und B\u00fcrgern, die sozialen Kontakte um 50% zu reduzieren, um die Vervielf\u00e4ltigung der theoretischen Ansteckungsgefahr zu minimieren. Wir wollen dieser Vorgehensweise entsprechen und stellen unser Training bis 17.4.20 ein. Wir werden zu gegebenem Zeitpunkt \u00fcber die weitere Planung informieren.<\/p>\n\n\n\n<p>Diese Situation ist vollkommen neu f\u00fcr uns und hat es in der gesamten Vereinsgeschichte noch nicht gegeben. Bitte habt Verst\u00e4ndnis f\u00fcr unsere Handeln. Aber Vorsicht ist die Mutter der Porzellankiste.<\/p>\n\n\n\n<p>Bleibt gesund und passt auf euch auf.<\/p>\n\n\n\n<p>Euer Udo<\/p>\n","protected":false},"excerpt":{"rendered":"<p>Liebe Aikidofreunde, aufgrund der gegenw\u00e4rtigen Entwicklung hinsichtlich Corona Virus werden wir bis zum Freitag, 17. April 2020, unseren Trainingsbetrieb einstellen. Die Friesenheimer Schulen sind vorerst bis zum 19. April geschlossen. Das Land Baden-W\u00fcrttemberg r\u00e4t allen B\u00fcrgerinnen und B\u00fcrgern, die sozialen Kontakte um 50% zu reduzieren, um die Vervielf\u00e4ltigung der theoretischen Ansteckungsgefahr zu minimieren. Wir wollen [&hellip;]<\/p>\n","protected":false},"author":2,"featured_media":0,"comment_status":"open","ping_status":"open","sticky":false,"template":"","format":"standard","meta":[],"categories":[1],"tags":[],"_links":{"self":[{"href":"http:\/\/news.aikido-dojo-ortenau.de\/index.php?rest_route=\/wp\/v2\/posts\/336"}],"collection":[{"href":"http:\/\/news.aikido-dojo-ortenau.de\/index.php?rest_route=\/wp\/v2\/posts"}],"about":[{"href":"http:\/\/news.aikido-dojo-ortenau.de\/index.php?rest_route=\/wp\/v2\/types\/post"}],"author":[{"embeddable":true,"href":"http:\/\/news.aikido-dojo-ortenau.de\/index.php?rest_route=\/wp\/v2\/users\/2"}],"replies":[{"embeddable":true,"href":"http:\/\/news.aikido-dojo-ortenau.de\/index.php?rest_route=%2Fwp%2Fv2%2Fcomments&post=336"}],"version-history":[{"count":2,"href":"http:\/\/news.aikido-dojo-ortenau.de\/index.php?rest_route=\/wp\/v2\/posts\/336\/revisions"}],"predecessor-version":[{"id":339,"href":"http:\/\/news.aikido-dojo-ortenau.de\/index.php?rest_route=\/wp\/v2\/posts\/336\/revisions\/339"}],"wp:attachment":[{"href":"http:\/\/news.aikido-dojo-ortenau.de\/index.php?rest_route=%2Fwp%2Fv2%2Fmedia&parent=336"}],"wp:term":[{"taxonomy":"category","embeddable":true,"href":"http:\/\/news.aikido-dojo-ortenau.de\/index.php?rest_route=%2Fwp%2Fv2%2Fcategories&post=336"},{"taxonomy":"post_tag","embeddable":true,"href":"http:\/\/news.aikido-dojo-ortenau.de\/index.php?rest_route=%2Fwp%2Fv2%2Ftags&post=336"}],"curies":[{"name":"wp","href":"https:\/\/api.w.org\/{rel}","templated":true}]}}