{"id":341,"date":"2020-04-30T15:37:14","date_gmt":"2020-04-30T15:37:14","guid":{"rendered":"http:\/\/news.aikido-dojo-ortenau.de\/?p=341"},"modified":"2020-04-30T15:37:14","modified_gmt":"2020-04-30T15:37:14","slug":"weiterhin-kein-training-in-aussicht","status":"publish","type":"post","link":"http:\/\/news.aikido-dojo-ortenau.de\/?p=341","title":{"rendered":"Weiterhin kein Training in Aussicht"},"content":{"rendered":"\n<p>Die Kontaktbeschr\u00e4nkungen sollen erst einmal bis zum 10. Mai verl\u00e4ngert werden. Aber auch danach ist nicht davon auszugehen, dass wir einen regul\u00e4ren Trainingsbetrieb in der Halle aufnehmen k\u00f6nnen. Es wird gerade diskutiert, ob Breitensport im Freien unter Einhaltung der Hygienevorschriften und der Abst\u00e4nde erlaubt werden kann. Den Mai m\u00fcssen wir wohl noch abwarten. Bleibt gesund und passt auf euch auf.<\/p>\n\n\n\n<p>Euer Udo<\/p>\n","protected":false},"excerpt":{"rendered":"<p>Die Kontaktbeschr\u00e4nkungen sollen erst einmal bis zum 10. Mai verl\u00e4ngert werden. Aber auch danach ist nicht davon auszugehen, dass wir einen regul\u00e4ren Trainingsbetrieb in der Halle aufnehmen k\u00f6nnen. Es wird gerade diskutiert, ob Breitensport im Freien unter Einhaltung der Hygienevorschriften und der Abst\u00e4nde erlaubt werden kann. Den Mai m\u00fcssen wir wohl noch abwarten. Bleibt gesund [&hellip;]<\/p>\n","protected":false},"author":2,"featured_media":0,"comment_status":"open","ping_status":"open","sticky":false,"template":"","format":"standard","meta":[],"categories":[1],"tags":[],"_links":{"self":[{"href":"http:\/\/news.aikido-dojo-ortenau.de\/index.php?rest_route=\/wp\/v2\/posts\/341"}],"collection":[{"href":"http:\/\/news.aikido-dojo-ortenau.de\/index.php?rest_route=\/wp\/v2\/posts"}],"about":[{"href":"http:\/\/news.aikido-dojo-ortenau.de\/index.php?rest_route=\/wp\/v2\/types\/post"}],"author":[{"embeddable":true,"href":"http:\/\/news.aikido-dojo-ortenau.de\/index.php?rest_route=\/wp\/v2\/users\/2"}],"replies":[{"embeddable":true,"href":"http:\/\/news.aikido-dojo-ortenau.de\/index.php?rest_route=%2Fwp%2Fv2%2Fcomments&post=341"}],"version-history":[{"count":1,"href":"http:\/\/news.aikido-dojo-ortenau.de\/index.php?rest_route=\/wp\/v2\/posts\/341\/revisions"}],"predecessor-version":[{"id":342,"href":"http:\/\/news.aikido-dojo-ortenau.de\/index.php?rest_route=\/wp\/v2\/posts\/341\/revisions\/342"}],"wp:attachment":[{"href":"http:\/\/news.aikido-dojo-ortenau.de\/index.php?rest_route=%2Fwp%2Fv2%2Fmedia&parent=341"}],"wp:term":[{"taxonomy":"category","embeddable":true,"href":"http:\/\/news.aikido-dojo-ortenau.de\/index.php?rest_route=%2Fwp%2Fv2%2Fcategories&post=341"},{"taxonomy":"post_tag","embeddable":true,"href":"http:\/\/news.aikido-dojo-ortenau.de\/index.php?rest_route=%2Fwp%2Fv2%2Ftags&post=341"}],"curies":[{"name":"wp","href":"https:\/\/api.w.org\/{rel}","templated":true}]}}