{"id":357,"date":"2020-09-16T19:16:07","date_gmt":"2020-09-16T19:16:07","guid":{"rendered":"http:\/\/news.aikido-dojo-ortenau.de\/?p=357"},"modified":"2020-09-19T08:48:39","modified_gmt":"2020-09-19T08:48:39","slug":"kinder-und-jugend-aikido-ab-25-08-2020-immer-freitags","status":"publish","type":"post","link":"http:\/\/news.aikido-dojo-ortenau.de\/?p=357","title":{"rendered":"Kinder- und Jugend-Aikido ab 25.09.2020 immer freitags"},"content":{"rendered":"\n<p>Liebe Aikidosch\u00fcler, liebe Eltern, die Schule hat diese Woche begonnen und es wird versucht, zu einer gewissen Normalit\u00e4t zu kommen. Von den Schulen und vom Verein sind wir angewiesen worden, mit unserem Training erst eine Woche sp\u00e4ter zu beginnen. Die Schulen wollen ihre Sch\u00fcler an die neue Situation erst gew\u00f6hnen.\u00a0<br>Unser Training beginnt somit am Freitag, 25.9.20, zu den gewohnten Zeiten ab 18 bis 19:30 und 18:45 bis 20:15 Uhr.<br>Da wir bei unserer Sportart keinen Mindestabstand gew\u00e4hrleisten k\u00f6nnen, hat die Gemeinde Friesenheim, der Badische Sportbund und der Deutsche Judoverband folgende Verhaltensrichtlinien empfohlen:\u00a0<br><\/p>\n\n\n\n<ul><li class=\"\">Die Trainierenden m\u00fcssen gesund sein und keine Erk\u00e4ltungssymptome zeigen. Bei kleinsten Anzeichen bitte vom Training fern bleiben.<\/li><li class=\"\">Das Betreten der Sternenberghalle nur mit Mund- und Nasenschutzmaske wegen anderen Besuchern in der Halle.<\/li><li class=\"\">Nach M\u00f6glichkeit sollten die Trainierenden bereits im Judoanzug kommen und gleich in unsere Sporthalle gehen. Es soll hiermit eine hohe Frequentierung in der Umkleidekabine vermieden werden.<\/li><li class=\"\">In der Trainingshalle darf die Maske abgenommen werden. Die H\u00e4nde sind beim Betreten zu desinfizieren. Ein Desinfektionsmittel steht neben der T\u00fcr auf einem Stuhl.<\/li><li class=\"\">An der Eingangst\u00fcr h\u00e4ngt eine Namensliste, in die sich die Trainierenden eintragen und mit einem Haken die Teilnahme best\u00e4tigen.<\/li><li class=\"\">Beim Training mit Partner sollen stets gleiche Paarungen beibehalten bleiben und keine Partner gewechselt werden. Nach M\u00f6glichkeit sollten die Paarungen \u00fcber alle weiteren Trainingstage beibehalten werden.<\/li><li class=\"\">Auf ausreichend Abstand zwischen den trainierenden Paaren ist zu achten.<\/li><li class=\"\">Die Judomatten werden am Tag zuvor von uns gr\u00fcndlich gereinigt und am n\u00e4chsten Trainingstag auch wieder intensiv geputzt.<\/li><\/ul>\n\n\n\n<p>Liebe Eltern, wir geben uns M\u00fche die Hygienerichtlinien zu befolgen. Haben Sie dennoch Bedenken oder weitere Tipps und Anregungen, lassen Sie es uns wissen. Wir sind f\u00fcr jeden Input dankbar (gerne an <em>erbudo@aol.com<\/em>). Falls Sie es im Moment zu riskant finden Ihr Kind ins Training zu bringen, haben wir auch Verst\u00e4ndnis.\u00a0<br>Zur Info: das Er\u00f6ffnungstraining am Freitag, 25.9.20, gestaltet Stefan Seidt, der bei den Jugendlichen bestens bekannt ist. Er vertritt Ren\u00e9 und M\u00e9lodie, die beide in Urlaub sind. Ab 2.10.20 \u00fcbernehmen Ren\u00e9 und M\u00e9lodie das Training.<\/p>\n\n\n\n<p><br>Mit sportlichen Gr\u00fc\u00dfen<\/p>\n\n\n\n<p>Udo Erb <\/p>\n","protected":false},"excerpt":{"rendered":"<p>Liebe Aikidosch\u00fcler, liebe Eltern, die Schule hat diese Woche begonnen und es wird versucht, zu einer gewissen Normalit\u00e4t zu kommen. Von den Schulen und vom Verein sind wir angewiesen worden, mit unserem Training erst eine Woche sp\u00e4ter zu beginnen. Die Schulen wollen ihre Sch\u00fcler an die neue Situation erst gew\u00f6hnen.\u00a0Unser Training beginnt somit am Freitag, [&hellip;]<\/p>\n","protected":false},"author":2,"featured_media":0,"comment_status":"open","ping_status":"open","sticky":false,"template":"","format":"standard","meta":[],"categories":[1],"tags":[],"_links":{"self":[{"href":"http:\/\/news.aikido-dojo-ortenau.de\/index.php?rest_route=\/wp\/v2\/posts\/357"}],"collection":[{"href":"http:\/\/news.aikido-dojo-ortenau.de\/index.php?rest_route=\/wp\/v2\/posts"}],"about":[{"href":"http:\/\/news.aikido-dojo-ortenau.de\/index.php?rest_route=\/wp\/v2\/types\/post"}],"author":[{"embeddable":true,"href":"http:\/\/news.aikido-dojo-ortenau.de\/index.php?rest_route=\/wp\/v2\/users\/2"}],"replies":[{"embeddable":true,"href":"http:\/\/news.aikido-dojo-ortenau.de\/index.php?rest_route=%2Fwp%2Fv2%2Fcomments&post=357"}],"version-history":[{"count":2,"href":"http:\/\/news.aikido-dojo-ortenau.de\/index.php?rest_route=\/wp\/v2\/posts\/357\/revisions"}],"predecessor-version":[{"id":359,"href":"http:\/\/news.aikido-dojo-ortenau.de\/index.php?rest_route=\/wp\/v2\/posts\/357\/revisions\/359"}],"wp:attachment":[{"href":"http:\/\/news.aikido-dojo-ortenau.de\/index.php?rest_route=%2Fwp%2Fv2%2Fmedia&parent=357"}],"wp:term":[{"taxonomy":"category","embeddable":true,"href":"http:\/\/news.aikido-dojo-ortenau.de\/index.php?rest_route=%2Fwp%2Fv2%2Fcategories&post=357"},{"taxonomy":"post_tag","embeddable":true,"href":"http:\/\/news.aikido-dojo-ortenau.de\/index.php?rest_route=%2Fwp%2Fv2%2Ftags&post=357"}],"curies":[{"name":"wp","href":"https:\/\/api.w.org\/{rel}","templated":true}]}}