{"id":365,"date":"2020-10-19T17:03:29","date_gmt":"2020-10-19T17:03:29","guid":{"rendered":"http:\/\/news.aikido-dojo-ortenau.de\/?p=365"},"modified":"2020-10-19T17:03:29","modified_gmt":"2020-10-19T17:03:29","slug":"ab-sofort-kein-aikido-und-iaido","status":"publish","type":"post","link":"http:\/\/news.aikido-dojo-ortenau.de\/?p=365","title":{"rendered":"Ab sofort kein Aikido und Iaido"},"content":{"rendered":"\n<p><br><\/p>\n\n\n\n<p>DIE CORONA-AMPEL STEHT AUF STUFE ROT \u2013 DER TV FRIESENHEIM SETZT ALLE INDOOR-SPORTANGEBOTE AB SOFORT AUS!<\/p>\n\n\n\n<p>Die Landesregierung von Baden-W\u00fcrttemberg hat angesichts der hochdynamischen Entwicklung der Infektionszahlen die dritte Pandemiestufe ausgerufen.<br>Dazu wird die Corona-Verordnung um landesweit geltende, versch\u00e4rfte Ma\u00dfnahmen erg\u00e4nzt. Die neuen Regelungen treten am Montag, 19. Oktober in Kraft.&nbsp;<\/p>\n\n\n\n<p>Aus diesem Grund hat der TV Friesenheim entschieden, alle sportlichen Aktivit\u00e4ten in geschlossenen R\u00e4umen bis auf Weiteres auszusetzen.<\/p>\n\n\n\n<p>Wir hoffen auf Ihr Verst\u00e4ndnis und werden die weiteren Ma\u00dfnahmen den aktuellen Entwicklungen und Verordnungen anpassen.<\/p>\n\n\n\n<p>Nach den Herbstferien wird entschieden wie es weiter geht.&nbsp;<\/p>\n","protected":false},"excerpt":{"rendered":"<p>DIE CORONA-AMPEL STEHT AUF STUFE ROT \u2013 DER TV FRIESENHEIM SETZT ALLE INDOOR-SPORTANGEBOTE AB SOFORT AUS! Die Landesregierung von Baden-W\u00fcrttemberg hat angesichts der hochdynamischen Entwicklung der Infektionszahlen die dritte Pandemiestufe ausgerufen.Dazu wird die Corona-Verordnung um landesweit geltende, versch\u00e4rfte Ma\u00dfnahmen erg\u00e4nzt. Die neuen Regelungen treten am Montag, 19. Oktober in Kraft.&nbsp; Aus diesem Grund hat der [&hellip;]<\/p>\n","protected":false},"author":2,"featured_media":0,"comment_status":"open","ping_status":"open","sticky":false,"template":"","format":"standard","meta":[],"categories":[1],"tags":[],"_links":{"self":[{"href":"http:\/\/news.aikido-dojo-ortenau.de\/index.php?rest_route=\/wp\/v2\/posts\/365"}],"collection":[{"href":"http:\/\/news.aikido-dojo-ortenau.de\/index.php?rest_route=\/wp\/v2\/posts"}],"about":[{"href":"http:\/\/news.aikido-dojo-ortenau.de\/index.php?rest_route=\/wp\/v2\/types\/post"}],"author":[{"embeddable":true,"href":"http:\/\/news.aikido-dojo-ortenau.de\/index.php?rest_route=\/wp\/v2\/users\/2"}],"replies":[{"embeddable":true,"href":"http:\/\/news.aikido-dojo-ortenau.de\/index.php?rest_route=%2Fwp%2Fv2%2Fcomments&post=365"}],"version-history":[{"count":1,"href":"http:\/\/news.aikido-dojo-ortenau.de\/index.php?rest_route=\/wp\/v2\/posts\/365\/revisions"}],"predecessor-version":[{"id":366,"href":"http:\/\/news.aikido-dojo-ortenau.de\/index.php?rest_route=\/wp\/v2\/posts\/365\/revisions\/366"}],"wp:attachment":[{"href":"http:\/\/news.aikido-dojo-ortenau.de\/index.php?rest_route=%2Fwp%2Fv2%2Fmedia&parent=365"}],"wp:term":[{"taxonomy":"category","embeddable":true,"href":"http:\/\/news.aikido-dojo-ortenau.de\/index.php?rest_route=%2Fwp%2Fv2%2Fcategories&post=365"},{"taxonomy":"post_tag","embeddable":true,"href":"http:\/\/news.aikido-dojo-ortenau.de\/index.php?rest_route=%2Fwp%2Fv2%2Ftags&post=365"}],"curies":[{"name":"wp","href":"https:\/\/api.w.org\/{rel}","templated":true}]}}