{"id":373,"date":"2021-06-11T10:54:54","date_gmt":"2021-06-11T10:54:54","guid":{"rendered":"http:\/\/news.aikido-dojo-ortenau.de\/?p=373"},"modified":"2021-06-11T10:54:54","modified_gmt":"2021-06-11T10:54:54","slug":"das-training-beginnt-wieder","status":"publish","type":"post","link":"http:\/\/news.aikido-dojo-ortenau.de\/?p=373","title":{"rendered":"Das Training beginnt wieder"},"content":{"rendered":"\n<p>Ab Mittwoch, 16.6.21, nehmen wir wieder unser Training auf. Allerdings gibt es einige Auflagen, die unseren Trainingsbetrieb einschr\u00e4nken. <\/p>\n\n\n\n<ol><li>Momentan sind im Kontaktsport pro Person mind. 20 qm vorzusehen. Das bedeutet in unserer Halle maximal 6 Personen insgesamt.<\/li><li>Es darf nur trainieren, wer die GGG-Richtlinien erf\u00fcllt: Getestet &#8211; Geimpft &#8211; Genesen. Vor dem Training bitte als Nachweis einen Impfpass oder einen negativen Schnelltest, sog. B\u00fcrgertest, vorlegen. Bei Sch\u00fcler gilt auch der Sch\u00fclertest aus der Schule.<\/li><li>Die Anwesenheit wird in einer Meldeliste dokumentiert.<\/li><li>Trainiert wird nur mit ein und demselben Partner<\/li><\/ol>\n\n\n\n<p>Die Umkleidekabinen und Duschen sind offen. Es sollte aber auf Abstand geachtet werden. Oder man kommt gleich im Trainingsanzug. <\/p>\n\n\n\n<p>Wir wollen erstmal vorsichtig anfangen und auch die Inzidenzwerte beobachten. Wenn sie weiter sinken, k\u00f6nnen auch doppelt soviele in der Halle trainieren. Das k\u00f6nnte in K\u00fcrze soweit sein.<\/p>\n\n\n\n<p>Bis dahin haben wir folgende Trainingszeiten:                                     <strong>Dienstags:<\/strong> vorerst kein Aikido                                                                     <strong>Mittwochs:<\/strong> Iaido 20:15 bis 21:30 Uhr                                                    <strong>Donnerstags:<\/strong> Aikido 20:00 bis 21:30 Uhr                                                       <strong>Freitags:<\/strong> noch kein Jugendlichentraining. Hier wollen wir ein oder zwei Wochen abwarten, bis wir allen das Training erm\u00f6glichen k\u00f6nnen.<\/p>\n\n\n\n<p>Sobald sich \u00c4nderungen ergeben, werdet ihr zeitnah informiert. Ich bin froh, dass wir, zwar mit angezogen Z\u00fcgel, wieder starten k\u00f6nnen, aber wir k\u00f6nnen wenigstens wieder mit dem Training beginnen und hoffe, dass es sich schnell normalisiert.<\/p>\n\n\n\n<p>Viele Gr\u00fc\u00dfe<\/p>\n\n\n\n<p>Udo Erb<\/p>\n","protected":false},"excerpt":{"rendered":"<p>Ab Mittwoch, 16.6.21, nehmen wir wieder unser Training auf. Allerdings gibt es einige Auflagen, die unseren Trainingsbetrieb einschr\u00e4nken. Momentan sind im Kontaktsport pro Person mind. 20 qm vorzusehen. Das bedeutet in unserer Halle maximal 6 Personen insgesamt. Es darf nur trainieren, wer die GGG-Richtlinien erf\u00fcllt: Getestet &#8211; Geimpft &#8211; Genesen. Vor dem Training bitte als [&hellip;]<\/p>\n","protected":false},"author":2,"featured_media":0,"comment_status":"open","ping_status":"open","sticky":false,"template":"","format":"standard","meta":[],"categories":[1],"tags":[],"_links":{"self":[{"href":"http:\/\/news.aikido-dojo-ortenau.de\/index.php?rest_route=\/wp\/v2\/posts\/373"}],"collection":[{"href":"http:\/\/news.aikido-dojo-ortenau.de\/index.php?rest_route=\/wp\/v2\/posts"}],"about":[{"href":"http:\/\/news.aikido-dojo-ortenau.de\/index.php?rest_route=\/wp\/v2\/types\/post"}],"author":[{"embeddable":true,"href":"http:\/\/news.aikido-dojo-ortenau.de\/index.php?rest_route=\/wp\/v2\/users\/2"}],"replies":[{"embeddable":true,"href":"http:\/\/news.aikido-dojo-ortenau.de\/index.php?rest_route=%2Fwp%2Fv2%2Fcomments&post=373"}],"version-history":[{"count":1,"href":"http:\/\/news.aikido-dojo-ortenau.de\/index.php?rest_route=\/wp\/v2\/posts\/373\/revisions"}],"predecessor-version":[{"id":374,"href":"http:\/\/news.aikido-dojo-ortenau.de\/index.php?rest_route=\/wp\/v2\/posts\/373\/revisions\/374"}],"wp:attachment":[{"href":"http:\/\/news.aikido-dojo-ortenau.de\/index.php?rest_route=%2Fwp%2Fv2%2Fmedia&parent=373"}],"wp:term":[{"taxonomy":"category","embeddable":true,"href":"http:\/\/news.aikido-dojo-ortenau.de\/index.php?rest_route=%2Fwp%2Fv2%2Fcategories&post=373"},{"taxonomy":"post_tag","embeddable":true,"href":"http:\/\/news.aikido-dojo-ortenau.de\/index.php?rest_route=%2Fwp%2Fv2%2Ftags&post=373"}],"curies":[{"name":"wp","href":"https:\/\/api.w.org\/{rel}","templated":true}]}}