{"id":376,"date":"2021-06-15T04:10:22","date_gmt":"2021-06-15T04:10:22","guid":{"rendered":"http:\/\/news.aikido-dojo-ortenau.de\/?p=376"},"modified":"2021-06-15T04:10:22","modified_gmt":"2021-06-15T04:10:22","slug":"jugend-aikido-ab-fr-25-06-21","status":"publish","type":"post","link":"http:\/\/news.aikido-dojo-ortenau.de\/?p=376","title":{"rendered":"Jugend Aikido ab Fr 25.06.21"},"content":{"rendered":"\n<p>Das Aikido Jugendtraining beginnt am Freitag, 25.06.2021 um 18 Uhr.<\/p>\n\n\n\n<p>Die Coronama\u00dfnahmen wurden noch einmal gelockert und wir k\u00f6nnen nun auch f\u00fcr die Jugend wieder zu unseren bekannten Zeiten Aikido anbieten.  Eine Anmeldung ist nicht erforderlich. Es d\u00fcrfen bis zu 12 Personen in die Halle.<\/p>\n\n\n\n<p>Allerdings gibt es auch hier Einschr\u00e4nkungen. Beim Betreten der Halle muss man sich in eine Anwesenheitsliste eintragen und einen g\u00fcltigen  Nachweis eines negativen B\u00fcrger- oder Schultests mitbringen.<\/p>\n\n\n\n<p>Bei kleinsten Anzeichen einer Erk\u00e4ltung, Husten o. \u00e4. dann bitte lieber nicht ins Training kommen.<\/p>\n\n\n\n<p>Unsere Trainingszeiten:<\/p>\n\n\n\n<p>freitags von 18 bis 19:30 Uhr f\u00fcr 9 bis 12 Jahre<\/p>\n\n\n\n<p>freitags von 18:45 bis 20:15 Uhr ab 12 Jahre<\/p>\n","protected":false},"excerpt":{"rendered":"<p>Das Aikido Jugendtraining beginnt am Freitag, 25.06.2021 um 18 Uhr. Die Coronama\u00dfnahmen wurden noch einmal gelockert und wir k\u00f6nnen nun auch f\u00fcr die Jugend wieder zu unseren bekannten Zeiten Aikido anbieten. Eine Anmeldung ist nicht erforderlich. Es d\u00fcrfen bis zu 12 Personen in die Halle. Allerdings gibt es auch hier Einschr\u00e4nkungen. Beim Betreten der Halle [&hellip;]<\/p>\n","protected":false},"author":2,"featured_media":0,"comment_status":"open","ping_status":"open","sticky":false,"template":"","format":"standard","meta":[],"categories":[1],"tags":[],"_links":{"self":[{"href":"http:\/\/news.aikido-dojo-ortenau.de\/index.php?rest_route=\/wp\/v2\/posts\/376"}],"collection":[{"href":"http:\/\/news.aikido-dojo-ortenau.de\/index.php?rest_route=\/wp\/v2\/posts"}],"about":[{"href":"http:\/\/news.aikido-dojo-ortenau.de\/index.php?rest_route=\/wp\/v2\/types\/post"}],"author":[{"embeddable":true,"href":"http:\/\/news.aikido-dojo-ortenau.de\/index.php?rest_route=\/wp\/v2\/users\/2"}],"replies":[{"embeddable":true,"href":"http:\/\/news.aikido-dojo-ortenau.de\/index.php?rest_route=%2Fwp%2Fv2%2Fcomments&post=376"}],"version-history":[{"count":1,"href":"http:\/\/news.aikido-dojo-ortenau.de\/index.php?rest_route=\/wp\/v2\/posts\/376\/revisions"}],"predecessor-version":[{"id":377,"href":"http:\/\/news.aikido-dojo-ortenau.de\/index.php?rest_route=\/wp\/v2\/posts\/376\/revisions\/377"}],"wp:attachment":[{"href":"http:\/\/news.aikido-dojo-ortenau.de\/index.php?rest_route=%2Fwp%2Fv2%2Fmedia&parent=376"}],"wp:term":[{"taxonomy":"category","embeddable":true,"href":"http:\/\/news.aikido-dojo-ortenau.de\/index.php?rest_route=%2Fwp%2Fv2%2Fcategories&post=376"},{"taxonomy":"post_tag","embeddable":true,"href":"http:\/\/news.aikido-dojo-ortenau.de\/index.php?rest_route=%2Fwp%2Fv2%2Ftags&post=376"}],"curies":[{"name":"wp","href":"https:\/\/api.w.org\/{rel}","templated":true}]}}