{"id":379,"date":"2021-06-28T05:59:00","date_gmt":"2021-06-28T05:59:00","guid":{"rendered":"http:\/\/news.aikido-dojo-ortenau.de\/?p=379"},"modified":"2021-06-28T05:59:00","modified_gmt":"2021-06-28T05:59:00","slug":"training-nun-ohne-beschraenkungen-erlaubt","status":"publish","type":"post","link":"http:\/\/news.aikido-dojo-ortenau.de\/?p=379","title":{"rendered":"Training nun ohne Beschr\u00e4nkungen erlaubt"},"content":{"rendered":"\n<p>Da wir ab 28.6.21 seit l\u00e4nger als einer Woche die Inzidenzstufe 1 (unter 10) haben, hei\u00dft es nun: &#8222;Freizeit- und Amateursport (Training oder Wettkampf) im Freien und geschlossenen R\u00e4umen ohne Personenbeschr\u00e4nkung erlaubt. Ein negativer Corona-Schnelltest bzw. Genesen- oder Geimpften-Nachweis ist nicht erforderlich.&#8220; Lediglich m\u00fcssen wir uns in unserer Anwesenheitsliste eintragen.<\/p>\n\n\n\n<p>F\u00fcr uns bedeutet es, die Jugendlichen sowie die Erwachsenen k\u00f6nnen nun unangemeldet ins Training kommen. Eine maximale Teilnehmerzahl gibt es nicht mehr. <\/p>\n\n\n\n<p>Diejenigen, die bereits im Training waren, sind einhellig der Meinung, dass es riesig Spa\u00df gemacht hat und wie sehr sie die Bewegungen und den Sport vermisst haben.<\/p>\n\n\n\n<p>Unsere Trainingszeiten sind gleich geblieben: <\/p>\n\n\n\n<p>Mittwoch Iaido 20:15 bis 21:30 Uhr<\/p>\n\n\n\n<p>Donnerstag Aikido 20 bis 21:30 Uhr<\/p>\n\n\n\n<p>Freitag Aikido 18 bis 19:30 Uhr und 18:45 bis 20:15 Uhr<\/p>\n\n\n\n<p>Dienstags findet vor den Sommerferien kein Training statt.<\/p>\n","protected":false},"excerpt":{"rendered":"<p>Da wir ab 28.6.21 seit l\u00e4nger als einer Woche die Inzidenzstufe 1 (unter 10) haben, hei\u00dft es nun: &#8222;Freizeit- und Amateursport (Training oder Wettkampf) im Freien und geschlossenen R\u00e4umen ohne Personenbeschr\u00e4nkung erlaubt. Ein negativer Corona-Schnelltest bzw. Genesen- oder Geimpften-Nachweis ist nicht erforderlich.&#8220; Lediglich m\u00fcssen wir uns in unserer Anwesenheitsliste eintragen. F\u00fcr uns bedeutet es, die [&hellip;]<\/p>\n","protected":false},"author":2,"featured_media":0,"comment_status":"open","ping_status":"open","sticky":false,"template":"","format":"standard","meta":[],"categories":[1],"tags":[],"_links":{"self":[{"href":"http:\/\/news.aikido-dojo-ortenau.de\/index.php?rest_route=\/wp\/v2\/posts\/379"}],"collection":[{"href":"http:\/\/news.aikido-dojo-ortenau.de\/index.php?rest_route=\/wp\/v2\/posts"}],"about":[{"href":"http:\/\/news.aikido-dojo-ortenau.de\/index.php?rest_route=\/wp\/v2\/types\/post"}],"author":[{"embeddable":true,"href":"http:\/\/news.aikido-dojo-ortenau.de\/index.php?rest_route=\/wp\/v2\/users\/2"}],"replies":[{"embeddable":true,"href":"http:\/\/news.aikido-dojo-ortenau.de\/index.php?rest_route=%2Fwp%2Fv2%2Fcomments&post=379"}],"version-history":[{"count":1,"href":"http:\/\/news.aikido-dojo-ortenau.de\/index.php?rest_route=\/wp\/v2\/posts\/379\/revisions"}],"predecessor-version":[{"id":380,"href":"http:\/\/news.aikido-dojo-ortenau.de\/index.php?rest_route=\/wp\/v2\/posts\/379\/revisions\/380"}],"wp:attachment":[{"href":"http:\/\/news.aikido-dojo-ortenau.de\/index.php?rest_route=%2Fwp%2Fv2%2Fmedia&parent=379"}],"wp:term":[{"taxonomy":"category","embeddable":true,"href":"http:\/\/news.aikido-dojo-ortenau.de\/index.php?rest_route=%2Fwp%2Fv2%2Fcategories&post=379"},{"taxonomy":"post_tag","embeddable":true,"href":"http:\/\/news.aikido-dojo-ortenau.de\/index.php?rest_route=%2Fwp%2Fv2%2Ftags&post=379"}],"curies":[{"name":"wp","href":"https:\/\/api.w.org\/{rel}","templated":true}]}}