{"id":399,"date":"2021-11-20T12:12:54","date_gmt":"2021-11-20T12:12:54","guid":{"rendered":"http:\/\/news.aikido-dojo-ortenau.de\/?p=399"},"modified":"2021-11-20T12:13:31","modified_gmt":"2021-11-20T12:13:31","slug":"training-waehrend-der-alarmstufe","status":"publish","type":"post","link":"http:\/\/news.aikido-dojo-ortenau.de\/?p=399","title":{"rendered":"Training w\u00e4hrend der Alarmstufe"},"content":{"rendered":"\n<p>Seit Mittwoch, 17.11.2021, gilt in Baden-W\u00fcrttemberg die Alarmstufe.<\/p>\n\n\n\n<p>Das hei\u00dft, f\u00fcr sportliche Veranstaltungen in geschlossenen R\u00e4umen gilt die 2G-Anordnung. Jeder Teilnehmer muss geimpft oder genesen sein. Ein Test reicht dann leider nicht mehr.<\/p>\n\n\n\n<p>Die Sch\u00fcler im Freitagstraining sind dabei ausgenommen.<\/p>\n\n\n\n<p><\/p>\n","protected":false},"excerpt":{"rendered":"<p>Seit Mittwoch, 17.11.2021, gilt in Baden-W\u00fcrttemberg die Alarmstufe. Das hei\u00dft, f\u00fcr sportliche Veranstaltungen in geschlossenen R\u00e4umen gilt die 2G-Anordnung. Jeder Teilnehmer muss geimpft oder genesen sein. Ein Test reicht dann leider nicht mehr. Die Sch\u00fcler im Freitagstraining sind dabei ausgenommen.<\/p>\n","protected":false},"author":2,"featured_media":0,"comment_status":"open","ping_status":"open","sticky":false,"template":"","format":"standard","meta":[],"categories":[1],"tags":[],"_links":{"self":[{"href":"http:\/\/news.aikido-dojo-ortenau.de\/index.php?rest_route=\/wp\/v2\/posts\/399"}],"collection":[{"href":"http:\/\/news.aikido-dojo-ortenau.de\/index.php?rest_route=\/wp\/v2\/posts"}],"about":[{"href":"http:\/\/news.aikido-dojo-ortenau.de\/index.php?rest_route=\/wp\/v2\/types\/post"}],"author":[{"embeddable":true,"href":"http:\/\/news.aikido-dojo-ortenau.de\/index.php?rest_route=\/wp\/v2\/users\/2"}],"replies":[{"embeddable":true,"href":"http:\/\/news.aikido-dojo-ortenau.de\/index.php?rest_route=%2Fwp%2Fv2%2Fcomments&post=399"}],"version-history":[{"count":2,"href":"http:\/\/news.aikido-dojo-ortenau.de\/index.php?rest_route=\/wp\/v2\/posts\/399\/revisions"}],"predecessor-version":[{"id":401,"href":"http:\/\/news.aikido-dojo-ortenau.de\/index.php?rest_route=\/wp\/v2\/posts\/399\/revisions\/401"}],"wp:attachment":[{"href":"http:\/\/news.aikido-dojo-ortenau.de\/index.php?rest_route=%2Fwp%2Fv2%2Fmedia&parent=399"}],"wp:term":[{"taxonomy":"category","embeddable":true,"href":"http:\/\/news.aikido-dojo-ortenau.de\/index.php?rest_route=%2Fwp%2Fv2%2Fcategories&post=399"},{"taxonomy":"post_tag","embeddable":true,"href":"http:\/\/news.aikido-dojo-ortenau.de\/index.php?rest_route=%2Fwp%2Fv2%2Ftags&post=399"}],"curies":[{"name":"wp","href":"https:\/\/api.w.org\/{rel}","templated":true}]}}