{"id":407,"date":"2022-01-09T16:54:44","date_gmt":"2022-01-09T16:54:44","guid":{"rendered":"http:\/\/news.aikido-dojo-ortenau.de\/?p=407"},"modified":"2022-01-09T16:54:44","modified_gmt":"2022-01-09T16:54:44","slug":"ende-der-corona-pause-ab-10-januar-2022","status":"publish","type":"post","link":"http:\/\/news.aikido-dojo-ortenau.de\/?p=407","title":{"rendered":"Ende der Corona-Pause ab 10. Januar 2022"},"content":{"rendered":"\n<p>Liebe Mitglieder des TV Friesenheim, nach der coronabedingten Pause, m\u00f6chten wir im Rahmen der geltenden Corona-Regeln, schrittweise wieder den Trainingsbetrieb aufnehmen. Ab der kommenden Woche, vom 10. Januar beginnen die einzelnen Gruppen, unter Einhaltung der entsprechenden Hygienevorschriften, ihren \u00dcbungs- und Trainingsbetrieb.\u00a0\u00a0\u00a0\u00a0Die Kinder-Gruppen starten dann eine Woche sp\u00e4ter, ab dem 17. Januar.\u00a0\u00a0\u00a0\u00a0Detaillierte Informationen erfahrt ihr von euren jeweiligen \u00dcbungsleitern.\u00a0\u00a0\u00a0\u00a0Wichtig: Voraussetzung f\u00fcr das Betreten und das Training in den Hallen ist die 2G+ Regel.\u00a0Wir werden die Ma\u00dfnahmen den weiteren Entwicklungen und Verordnungen von Bund, Land und Kreis anpassen.<br>Euer TV-Friesenheim Team<\/p>\n\n\n\n<p>Trainingsbeginn in der Abteilung Aikido ist f\u00fcr<\/p>\n\n\n\n<p><strong>Iaido<\/strong>       Mittwoch 12.01.22        20:15 Uhr<\/p>\n\n\n\n<p><strong>Aikido<\/strong>    Donnerstag 13.01.22.    20:00 Uhr<\/p>\n\n\n\n<p><strong>Aikido Jugend<\/strong>     Freitag 21.01.22.   18 Uhr<\/p>\n\n\n\n<p>Trainieren d\u00fcrfen nur Geimpfte mit zwei Impfungen und zus\u00e4tzlich einem tagesaktuellen Nachweis eines Schnelltests, und Geboosterte, die diesen Nachweis nicht ben\u00f6tigen. Wenn der Sicherheitsabstand von 1,5 m nicht eingehalten werden kann, muss eine Maske getragen werden.\u00a0Beim Iaido Training kann der Abstand eingehalten werden, beim Aikido tragen wir eine Maske. Sch\u00fcler sind von dieser Regel ausgenommen, da sie regelm\u00e4\u00dfig in der Schule getestet werden.<\/p>\n\n\n\n<p>   <\/p>\n","protected":false},"excerpt":{"rendered":"<p>Liebe Mitglieder des TV Friesenheim, nach der coronabedingten Pause, m\u00f6chten wir im Rahmen der geltenden Corona-Regeln, schrittweise wieder den Trainingsbetrieb aufnehmen. Ab der kommenden Woche, vom 10. Januar beginnen die einzelnen Gruppen, unter Einhaltung der entsprechenden Hygienevorschriften, ihren \u00dcbungs- und Trainingsbetrieb.\u00a0\u00a0\u00a0\u00a0Die Kinder-Gruppen starten dann eine Woche sp\u00e4ter, ab dem 17. Januar.\u00a0\u00a0\u00a0\u00a0Detaillierte Informationen erfahrt ihr von [&hellip;]<\/p>\n","protected":false},"author":2,"featured_media":0,"comment_status":"open","ping_status":"open","sticky":false,"template":"","format":"standard","meta":[],"categories":[1],"tags":[],"_links":{"self":[{"href":"http:\/\/news.aikido-dojo-ortenau.de\/index.php?rest_route=\/wp\/v2\/posts\/407"}],"collection":[{"href":"http:\/\/news.aikido-dojo-ortenau.de\/index.php?rest_route=\/wp\/v2\/posts"}],"about":[{"href":"http:\/\/news.aikido-dojo-ortenau.de\/index.php?rest_route=\/wp\/v2\/types\/post"}],"author":[{"embeddable":true,"href":"http:\/\/news.aikido-dojo-ortenau.de\/index.php?rest_route=\/wp\/v2\/users\/2"}],"replies":[{"embeddable":true,"href":"http:\/\/news.aikido-dojo-ortenau.de\/index.php?rest_route=%2Fwp%2Fv2%2Fcomments&post=407"}],"version-history":[{"count":1,"href":"http:\/\/news.aikido-dojo-ortenau.de\/index.php?rest_route=\/wp\/v2\/posts\/407\/revisions"}],"predecessor-version":[{"id":408,"href":"http:\/\/news.aikido-dojo-ortenau.de\/index.php?rest_route=\/wp\/v2\/posts\/407\/revisions\/408"}],"wp:attachment":[{"href":"http:\/\/news.aikido-dojo-ortenau.de\/index.php?rest_route=%2Fwp%2Fv2%2Fmedia&parent=407"}],"wp:term":[{"taxonomy":"category","embeddable":true,"href":"http:\/\/news.aikido-dojo-ortenau.de\/index.php?rest_route=%2Fwp%2Fv2%2Fcategories&post=407"},{"taxonomy":"post_tag","embeddable":true,"href":"http:\/\/news.aikido-dojo-ortenau.de\/index.php?rest_route=%2Fwp%2Fv2%2Ftags&post=407"}],"curies":[{"name":"wp","href":"https:\/\/api.w.org\/{rel}","templated":true}]}}