{"id":593,"date":"2025-02-25T08:03:19","date_gmt":"2025-02-25T08:03:19","guid":{"rendered":"http:\/\/news.aikido-dojo-ortenau.de\/?p=593"},"modified":"2025-02-25T08:03:19","modified_gmt":"2025-02-25T08:03:19","slug":"vereinsuebergreifendes-training-am-do-27-2-25","status":"publish","type":"post","link":"http:\/\/news.aikido-dojo-ortenau.de\/?p=593","title":{"rendered":"Vereins\u00fcbergreifendes Training am Do 27.2.25"},"content":{"rendered":"<p>Gerhard Borth l\u00e4dt uns zu einem gemeinsamen Training am Donnerstag, 27.02.2025, um 18:30 Uhr bis 20 Uhr in seinem Dojo in Offenburg ein:<\/p>\n<p>Budo-Sportzentrum Offenburg, \u00a0In der \u00a0Lieste 7, 77656 Offenburg. Tel. 0781 55521<\/p>\n<p>Jeder organisiert seine Anfahrt nach Offenburg selbst. Ich kann noch Leute mitnehmen. Ich fahre um 17:30 Uhr in Lahr los und habe noch Pl\u00e4tze frei. Bitte per WhatsApp oder SMS an 01792971741.<\/p>\n<p>Nat\u00fcrlich f\u00e4llt unser eigenes Training am kommenden Donnerstag aus. Viel Spa\u00df beim vereins\u00fcbergreifenden Training.<\/p>\n<p>Viele Gr\u00fc\u00dfe<\/p>\n<p>Udo<\/p>\n","protected":false},"excerpt":{"rendered":"<p>Gerhard Borth l\u00e4dt uns zu einem gemeinsamen Training am Donnerstag, 27.02.2025, um 18:30 Uhr bis 20 Uhr in seinem Dojo in Offenburg ein: Budo-Sportzentrum Offenburg, \u00a0In der \u00a0Lieste 7, 77656 Offenburg. Tel. 0781 55521 Jeder organisiert seine Anfahrt nach Offenburg selbst. Ich kann noch Leute mitnehmen. Ich fahre um 17:30 Uhr in Lahr los und [&hellip;]<\/p>\n","protected":false},"author":2,"featured_media":0,"comment_status":"open","ping_status":"open","sticky":false,"template":"","format":"standard","meta":[],"categories":[1],"tags":[],"_links":{"self":[{"href":"http:\/\/news.aikido-dojo-ortenau.de\/index.php?rest_route=\/wp\/v2\/posts\/593"}],"collection":[{"href":"http:\/\/news.aikido-dojo-ortenau.de\/index.php?rest_route=\/wp\/v2\/posts"}],"about":[{"href":"http:\/\/news.aikido-dojo-ortenau.de\/index.php?rest_route=\/wp\/v2\/types\/post"}],"author":[{"embeddable":true,"href":"http:\/\/news.aikido-dojo-ortenau.de\/index.php?rest_route=\/wp\/v2\/users\/2"}],"replies":[{"embeddable":true,"href":"http:\/\/news.aikido-dojo-ortenau.de\/index.php?rest_route=%2Fwp%2Fv2%2Fcomments&post=593"}],"version-history":[{"count":2,"href":"http:\/\/news.aikido-dojo-ortenau.de\/index.php?rest_route=\/wp\/v2\/posts\/593\/revisions"}],"predecessor-version":[{"id":595,"href":"http:\/\/news.aikido-dojo-ortenau.de\/index.php?rest_route=\/wp\/v2\/posts\/593\/revisions\/595"}],"wp:attachment":[{"href":"http:\/\/news.aikido-dojo-ortenau.de\/index.php?rest_route=%2Fwp%2Fv2%2Fmedia&parent=593"}],"wp:term":[{"taxonomy":"category","embeddable":true,"href":"http:\/\/news.aikido-dojo-ortenau.de\/index.php?rest_route=%2Fwp%2Fv2%2Fcategories&post=593"},{"taxonomy":"post_tag","embeddable":true,"href":"http:\/\/news.aikido-dojo-ortenau.de\/index.php?rest_route=%2Fwp%2Fv2%2Ftags&post=593"}],"curies":[{"name":"wp","href":"https:\/\/api.w.org\/{rel}","templated":true}]}}