{"id":605,"date":"2025-06-13T08:02:48","date_gmt":"2025-06-13T08:02:48","guid":{"rendered":"http:\/\/news.aikido-dojo-ortenau.de\/?p=605"},"modified":"2025-06-13T08:02:48","modified_gmt":"2025-06-13T08:02:48","slug":"in-den-pfingstferien-und-sommerferien-kein-training","status":"publish","type":"post","link":"http:\/\/news.aikido-dojo-ortenau.de\/?p=605","title":{"rendered":"In den Pfingstferien und Sommerferien kein Training"},"content":{"rendered":"<p>In den Pfingstferien vom 9.6. bis 20.6.25 findet kein Training in der Halle statt.<\/p>\n<p>Ab dem 26.6. bis 31.7. haben wir wieder regul\u00e4re Trainingszeiten. Nach dem 31.7.25 beginnen die Sommerferien und die Halle bleibt bis zum 12. September geschlossen. Geplant ist, dass wir anschlie\u00dfend wieder zur\u00fcck in die Sternenberghalle k\u00f6nnen. N\u00e4here Infos folgen.<\/p>\n","protected":false},"excerpt":{"rendered":"<p>In den Pfingstferien vom 9.6. bis 20.6.25 findet kein Training in der Halle statt. Ab dem 26.6. bis 31.7. haben wir wieder regul\u00e4re Trainingszeiten. Nach dem 31.7.25 beginnen die Sommerferien und die Halle bleibt bis zum 12. September geschlossen. Geplant ist, dass wir anschlie\u00dfend wieder zur\u00fcck in die Sternenberghalle k\u00f6nnen. N\u00e4here Infos folgen.<\/p>\n","protected":false},"author":2,"featured_media":0,"comment_status":"open","ping_status":"open","sticky":false,"template":"","format":"standard","meta":[],"categories":[1],"tags":[],"_links":{"self":[{"href":"http:\/\/news.aikido-dojo-ortenau.de\/index.php?rest_route=\/wp\/v2\/posts\/605"}],"collection":[{"href":"http:\/\/news.aikido-dojo-ortenau.de\/index.php?rest_route=\/wp\/v2\/posts"}],"about":[{"href":"http:\/\/news.aikido-dojo-ortenau.de\/index.php?rest_route=\/wp\/v2\/types\/post"}],"author":[{"embeddable":true,"href":"http:\/\/news.aikido-dojo-ortenau.de\/index.php?rest_route=\/wp\/v2\/users\/2"}],"replies":[{"embeddable":true,"href":"http:\/\/news.aikido-dojo-ortenau.de\/index.php?rest_route=%2Fwp%2Fv2%2Fcomments&post=605"}],"version-history":[{"count":1,"href":"http:\/\/news.aikido-dojo-ortenau.de\/index.php?rest_route=\/wp\/v2\/posts\/605\/revisions"}],"predecessor-version":[{"id":606,"href":"http:\/\/news.aikido-dojo-ortenau.de\/index.php?rest_route=\/wp\/v2\/posts\/605\/revisions\/606"}],"wp:attachment":[{"href":"http:\/\/news.aikido-dojo-ortenau.de\/index.php?rest_route=%2Fwp%2Fv2%2Fmedia&parent=605"}],"wp:term":[{"taxonomy":"category","embeddable":true,"href":"http:\/\/news.aikido-dojo-ortenau.de\/index.php?rest_route=%2Fwp%2Fv2%2Fcategories&post=605"},{"taxonomy":"post_tag","embeddable":true,"href":"http:\/\/news.aikido-dojo-ortenau.de\/index.php?rest_route=%2Fwp%2Fv2%2Ftags&post=605"}],"curies":[{"name":"wp","href":"https:\/\/api.w.org\/{rel}","templated":true}]}}