{"id":623,"date":"2025-09-01T09:04:25","date_gmt":"2025-09-01T09:04:25","guid":{"rendered":"http:\/\/news.aikido-dojo-ortenau.de\/?p=623"},"modified":"2025-09-04T16:56:43","modified_gmt":"2025-09-04T16:56:43","slug":"training-im-september-noch-im-feuerwehrhaus","status":"publish","type":"post","link":"http:\/\/news.aikido-dojo-ortenau.de\/?p=623","title":{"rendered":"Training im September noch im Feuerwehrhaus"},"content":{"rendered":"<p>Hallo zusammen,<br \/>\nab dieser Woche trainieren wir wieder im Feuerwehrhaus. Wir trainieren dann wieder Aikido ab Donnerstag auf der Matte um 20 Uhr. Auch die Iaido Gruppe kann wieder in den Feuerwehrraum. Bitte denkt an unsere Umr\u00e4umaktion am \u00fcbern\u00e4chsten Donnerstag ab 19 Uhr in der Sternenberghalle. Hier nochmals der Zeitplan:<br \/>\nab 1.9.25 20:15 \u00a0Iaido immer montags in der Sporthalle<br \/>\n4.9.25 20:00 \u00a0Aikido im Feuerwehrhaus<br \/>\n11.9.25 19:00 \u00a0Umr\u00e4umaktion aller Ger\u00e4te vom Dojo in den Technikraum (Sternenberghalle)<br \/>\n18.9.25 20:00 \u00a0Aikido im Feuerwehrhaus<br \/>\n25.9.25 20:00 \u00a0Aikido im Feuerwehrhaus<br \/>\n2.10.25 19:00 \u00a0Mattentransport vom Feuerwehrhaus in die Sternenberghalle<\/p>\n<p>Ab 7.10.25 bieten wir wieder regul\u00e4r alle Trainingseinheiten dienstags bis freitags zu unseren gewohnten Zeiten in unserem Dojo in der Sternenberghalle an.<\/p>\n<p>Viele Gr\u00fc\u00dfe<br \/>\nUdo<\/p>\n","protected":false},"excerpt":{"rendered":"<p>Hallo zusammen, ab dieser Woche trainieren wir wieder im Feuerwehrhaus. Wir trainieren dann wieder Aikido ab Donnerstag auf der Matte um 20 Uhr. Auch die Iaido Gruppe kann wieder in den Feuerwehrraum. Bitte denkt an unsere Umr\u00e4umaktion am \u00fcbern\u00e4chsten Donnerstag ab 19 Uhr in der Sternenberghalle. Hier nochmals der Zeitplan: ab 1.9.25 20:15 \u00a0Iaido immer [&hellip;]<\/p>\n","protected":false},"author":2,"featured_media":0,"comment_status":"open","ping_status":"open","sticky":false,"template":"","format":"standard","meta":[],"categories":[1],"tags":[],"_links":{"self":[{"href":"http:\/\/news.aikido-dojo-ortenau.de\/index.php?rest_route=\/wp\/v2\/posts\/623"}],"collection":[{"href":"http:\/\/news.aikido-dojo-ortenau.de\/index.php?rest_route=\/wp\/v2\/posts"}],"about":[{"href":"http:\/\/news.aikido-dojo-ortenau.de\/index.php?rest_route=\/wp\/v2\/types\/post"}],"author":[{"embeddable":true,"href":"http:\/\/news.aikido-dojo-ortenau.de\/index.php?rest_route=\/wp\/v2\/users\/2"}],"replies":[{"embeddable":true,"href":"http:\/\/news.aikido-dojo-ortenau.de\/index.php?rest_route=%2Fwp%2Fv2%2Fcomments&post=623"}],"version-history":[{"count":2,"href":"http:\/\/news.aikido-dojo-ortenau.de\/index.php?rest_route=\/wp\/v2\/posts\/623\/revisions"}],"predecessor-version":[{"id":625,"href":"http:\/\/news.aikido-dojo-ortenau.de\/index.php?rest_route=\/wp\/v2\/posts\/623\/revisions\/625"}],"wp:attachment":[{"href":"http:\/\/news.aikido-dojo-ortenau.de\/index.php?rest_route=%2Fwp%2Fv2%2Fmedia&parent=623"}],"wp:term":[{"taxonomy":"category","embeddable":true,"href":"http:\/\/news.aikido-dojo-ortenau.de\/index.php?rest_route=%2Fwp%2Fv2%2Fcategories&post=623"},{"taxonomy":"post_tag","embeddable":true,"href":"http:\/\/news.aikido-dojo-ortenau.de\/index.php?rest_route=%2Fwp%2Fv2%2Ftags&post=623"}],"curies":[{"name":"wp","href":"https:\/\/api.w.org\/{rel}","templated":true}]}}