{"id":639,"date":"2025-09-19T08:16:02","date_gmt":"2025-09-19T08:16:02","guid":{"rendered":"http:\/\/news.aikido-dojo-ortenau.de\/?p=639"},"modified":"2025-09-19T08:16:02","modified_gmt":"2025-09-19T08:16:02","slug":"freitag-19-8-25-kein-jugendtraining","status":"publish","type":"post","link":"http:\/\/news.aikido-dojo-ortenau.de\/?p=639","title":{"rendered":"Freitag 19.8.25 kein Jugendtraining"},"content":{"rendered":"<p>Wegen dem B\u00fcrgerfest in Friesenheim kann im Feuerwehrhaus am Freitag, den 19.8.25, kein Jugendtraining stattfinden. Das n\u00e4chste Training f\u00fcr die Jugend findet am Freitag, 26.9.25, wieder in der Sternenberghalle statt.<\/p>\n","protected":false},"excerpt":{"rendered":"<p>Wegen dem B\u00fcrgerfest in Friesenheim kann im Feuerwehrhaus am Freitag, den 19.8.25, kein Jugendtraining stattfinden. Das n\u00e4chste Training f\u00fcr die Jugend findet am Freitag, 26.9.25, wieder in der Sternenberghalle statt.<\/p>\n","protected":false},"author":2,"featured_media":0,"comment_status":"open","ping_status":"open","sticky":false,"template":"","format":"standard","meta":[],"categories":[1],"tags":[],"_links":{"self":[{"href":"http:\/\/news.aikido-dojo-ortenau.de\/index.php?rest_route=\/wp\/v2\/posts\/639"}],"collection":[{"href":"http:\/\/news.aikido-dojo-ortenau.de\/index.php?rest_route=\/wp\/v2\/posts"}],"about":[{"href":"http:\/\/news.aikido-dojo-ortenau.de\/index.php?rest_route=\/wp\/v2\/types\/post"}],"author":[{"embeddable":true,"href":"http:\/\/news.aikido-dojo-ortenau.de\/index.php?rest_route=\/wp\/v2\/users\/2"}],"replies":[{"embeddable":true,"href":"http:\/\/news.aikido-dojo-ortenau.de\/index.php?rest_route=%2Fwp%2Fv2%2Fcomments&post=639"}],"version-history":[{"count":1,"href":"http:\/\/news.aikido-dojo-ortenau.de\/index.php?rest_route=\/wp\/v2\/posts\/639\/revisions"}],"predecessor-version":[{"id":640,"href":"http:\/\/news.aikido-dojo-ortenau.de\/index.php?rest_route=\/wp\/v2\/posts\/639\/revisions\/640"}],"wp:attachment":[{"href":"http:\/\/news.aikido-dojo-ortenau.de\/index.php?rest_route=%2Fwp%2Fv2%2Fmedia&parent=639"}],"wp:term":[{"taxonomy":"category","embeddable":true,"href":"http:\/\/news.aikido-dojo-ortenau.de\/index.php?rest_route=%2Fwp%2Fv2%2Fcategories&post=639"},{"taxonomy":"post_tag","embeddable":true,"href":"http:\/\/news.aikido-dojo-ortenau.de\/index.php?rest_route=%2Fwp%2Fv2%2Ftags&post=639"}],"curies":[{"name":"wp","href":"https:\/\/api.w.org\/{rel}","templated":true}]}}